{"id":19655,"date":"2026-02-13T11:20:00","date_gmt":"2026-02-13T10:20:00","guid":{"rendered":"http:\/\/test.villabelvederehotel.it\/2025\/02\/02\/riapertura-del-giardino-botanico-di-villa-taranto-2025\/"},"modified":"2026-02-12T13:26:30","modified_gmt":"2026-02-12T12:26:30","slug":"wiedereroeffnung-des-botanischen-gartens-von-villa-taranto","status":"publish","type":"post","link":"https:\/\/www.villabelvederehotel.it\/de\/wiedereroeffnung-des-botanischen-gartens-von-villa-taranto\/","title":{"rendered":"Wiederer\u00f6ffnung des Botanischen Gartens von Villa Taranto vom 6. M\u00e4rz bis zum 8. Dezember"},"content":{"rendered":"\t\t<div data-elementor-type=\"wp-post\" data-elementor-id=\"19655\" class=\"elementor elementor-19655 elementor-18211\">\n\t\t\t\t\t\t<section class=\"elementor-section elementor-top-section elementor-element elementor-element-4798e96 elementor-section-boxed elementor-section-height-default elementor-section-height-default qodef-elementor-content-no\" data-id=\"4798e96\" data-element_type=\"section\">\n\t\t\t\t\t\t<div class=\"elementor-container elementor-column-gap-default\">\n\t\t\t\t\t<div class=\"elementor-column elementor-col-100 elementor-top-column elementor-element elementor-element-e81addb\" data-id=\"e81addb\" data-element_type=\"column\">\n\t\t\t<div class=\"elementor-widget-wrap elementor-element-populated\">\n\t\t\t\t\t\t<div class=\"elementor-element elementor-element-0b20df4 elementor-widget elementor-widget-text-editor\" data-id=\"0b20df4\" data-element_type=\"widget\" data-widget_type=\"text-editor.default\">\n\t\t\t\t<div class=\"elementor-widget-container\">\n\t\t\t\t\t\t\t\t\t<p>Verpassen Sie nicht die Gelegenheit, durch die wundersch\u00f6nen Alleen dieses ber\u00fchmten botanischen Gartens zu spazieren. Neu in diesem Jahr: Mit einem einzigen Ticket k\u00f6nnen Sie auch die Sammlungen des Museo del Paesaggio (Landschaftsmuseum) in Verbania \u2013 Pallanza besichtigen.<\/p><p><strong>Saison 2026 vom 6. M\u00e4rz bis 8. Dezember\u00a0<\/strong><\/p>\t\t\t\t\t\t\t\t<\/div>\n\t\t\t\t<\/div>\n\t\t\t\t<div class=\"elementor-element elementor-element-fc41063 elementor-widget elementor-widget-reina_core_button\" data-id=\"fc41063\" data-element_type=\"widget\" data-widget_type=\"reina_core_button.default\">\n\t\t\t\t<div class=\"elementor-widget-container\">\n\t\t\t\t\t<a class=\"qodef-shortcode qodef-m  qodef-button qodef-layout--textual  qodef-html--link\" href=\"https:\/\/www.villataranto.it\" target=\"_blank\" data-hover-color=\"#FFFFFF\" style=\"color: #767A55\">\n\t<span class=\"qodef-m-text\">Mehr \u00fcber Villa Taranto entdecken\t\t<span class=\"qodef-m-strip\" ><\/span>\n\t<\/span>\n<\/a>\n\t\t\t\t<\/div>\n\t\t\t\t<\/div>\n\t\t\t\t<div class=\"elementor-element elementor-element-c8ae67b elementor-widget elementor-widget-reina_core_button\" data-id=\"c8ae67b\" data-element_type=\"widget\" data-widget_type=\"reina_core_button.default\">\n\t\t\t\t<div class=\"elementor-widget-container\">\n\t\t\t\t\t<a class=\"qodef-shortcode qodef-m  qodef-button qodef-layout--textual  qodef-html--link\" href=\"https:\/\/www.museodelpaesaggio.it\/\" target=\"_blank\" data-hover-color=\"#FFFFFF\" style=\"color: #767A55\">\n\t<span class=\"qodef-m-text\">Mehr \u00fcber das Museo del Paesaggio entdecken\t\t<span class=\"qodef-m-strip\" ><\/span>\n\t<\/span>\n<\/a>\n\t\t\t\t<\/div>\n\t\t\t\t<\/div>\n\t\t\t\t\t<\/div>\n\t\t<\/div>\n\t\t\t\t\t<\/div>\n\t\t<\/section>\n\t\t\t\t<\/div>\n\t\t","protected":false},"excerpt":{"rendered":"<p>Verpassen Sie nicht die Gelegenheit, durch die wundersch\u00f6nen Alleen dieses ber\u00fchmten botanischen Gartens zu spazieren. Neu in diesem Jahr: Mit einem einzigen Ticket k\u00f6nnen Sie auch die Sammlungen des Museo del Paesaggio (Landschaftsmuseum) in Verbania \u2013 Pallanza besichtigen. Saison 2026 vom 6. M\u00e4rz bis 8. Dezember\u00a0 Mehr \u00fcber Villa Taranto entdecken Mehr \u00fcber das Museo [&hellip;]<\/p>\n","protected":false},"author":2,"featured_media":21421,"comment_status":"closed","ping_status":"closed","sticky":false,"template":"","format":"standard","meta":{"footnotes":""},"categories":[96],"tags":[],"class_list":["post-19655","post","type-post","status-publish","format-standard","has-post-thumbnail","hentry","category-termine"],"yoast_head":"<!-- This site is optimized with the Yoast SEO plugin v26.3 - https:\/\/yoast.com\/wordpress\/plugins\/seo\/ -->\n<title>Wiederer\u00f6ffnung des Botanischen Gartens von Villa Taranto vom 6. M\u00e4rz bis zum 8. Dezember - Park Hotel Villa Belvedere a Cannobio<\/title>\n<meta name=\"robots\" content=\"index, follow, max-snippet:-1, max-image-preview:large, max-video-preview:-1\" \/>\n<link rel=\"canonical\" href=\"https:\/\/www.villabelvederehotel.it\/de\/wiedereroeffnung-des-botanischen-gartens-von-villa-taranto\/\" \/>\n<meta property=\"og:locale\" content=\"de_DE\" \/>\n<meta property=\"og:type\" content=\"article\" \/>\n<meta property=\"og:title\" content=\"Wiederer\u00f6ffnung des Botanischen Gartens von Villa Taranto vom 6. M\u00e4rz bis zum 8. Dezember - Park Hotel Villa Belvedere a Cannobio\" \/>\n<meta property=\"og:description\" content=\"Verpassen Sie nicht die Gelegenheit, durch die wundersch\u00f6nen Alleen dieses ber\u00fchmten botanischen Gartens zu spazieren. Neu in diesem Jahr: Mit einem einzigen Ticket k\u00f6nnen Sie auch die Sammlungen des Museo del Paesaggio (Landschaftsmuseum) in Verbania \u2013 Pallanza besichtigen. Saison 2026 vom 6. M\u00e4rz bis 8. Dezember\u00a0 Mehr \u00fcber Villa Taranto entdecken Mehr \u00fcber das Museo [&hellip;]\" \/>\n<meta property=\"og:url\" content=\"https:\/\/www.villabelvederehotel.it\/de\/wiedereroeffnung-des-botanischen-gartens-von-villa-taranto\/\" \/>\n<meta property=\"og:site_name\" content=\"Park Hotel Villa Belvedere a Cannobio\" \/>\n<meta property=\"article:publisher\" content=\"https:\/\/www.facebook.com\/villabelvederehotel\/\" \/>\n<meta property=\"article:published_time\" content=\"2026-02-13T10:20:00+00:00\" \/>\n<meta property=\"og:image\" content=\"https:\/\/www.villabelvederehotel.it\/wp-content\/uploads\/2025\/01\/parco-botanico-di-villa-taranto-5.jpg\" \/>\n\t<meta property=\"og:image:width\" content=\"1920\" \/>\n\t<meta property=\"og:image:height\" content=\"1280\" \/>\n\t<meta property=\"og:image:type\" content=\"image\/jpeg\" \/>\n<meta name=\"author\" content=\"info@villabelvederehotel.it\" \/>\n<meta name=\"twitter:label1\" content=\"Verfasst von\" \/>\n\t<meta name=\"twitter:data1\" content=\"info@villabelvederehotel.it\" \/>\n<script type=\"application\/ld+json\" class=\"yoast-schema-graph\">{\"@context\":\"https:\/\/schema.org\",\"@graph\":[{\"@type\":\"Article\",\"@id\":\"https:\/\/www.villabelvederehotel.it\/de\/wiedereroeffnung-des-botanischen-gartens-von-villa-taranto\/#article\",\"isPartOf\":{\"@id\":\"https:\/\/www.villabelvederehotel.it\/de\/wiedereroeffnung-des-botanischen-gartens-von-villa-taranto\/\"},\"author\":{\"name\":\"info@villabelvederehotel.it\",\"@id\":\"https:\/\/www.villabelvederehotel.it\/de\/#\/schema\/person\/3b81ad795a3e67f0574366cc0e9045a3\"},\"headline\":\"Wiederer\u00f6ffnung des Botanischen Gartens von Villa Taranto vom 6. M\u00e4rz bis zum 8. Dezember\",\"datePublished\":\"2026-02-13T10:20:00+00:00\",\"mainEntityOfPage\":{\"@id\":\"https:\/\/www.villabelvederehotel.it\/de\/wiedereroeffnung-des-botanischen-gartens-von-villa-taranto\/\"},\"wordCount\":72,\"publisher\":{\"@id\":\"https:\/\/www.villabelvederehotel.it\/de\/#organization\"},\"image\":{\"@id\":\"https:\/\/www.villabelvederehotel.it\/de\/wiedereroeffnung-des-botanischen-gartens-von-villa-taranto\/#primaryimage\"},\"thumbnailUrl\":\"https:\/\/www.villabelvederehotel.it\/wp-content\/uploads\/2025\/01\/parco-botanico-di-villa-taranto-5.jpg\",\"articleSection\":[\"Termine\"],\"inLanguage\":\"de\"},{\"@type\":\"WebPage\",\"@id\":\"https:\/\/www.villabelvederehotel.it\/de\/wiedereroeffnung-des-botanischen-gartens-von-villa-taranto\/\",\"url\":\"https:\/\/www.villabelvederehotel.it\/de\/wiedereroeffnung-des-botanischen-gartens-von-villa-taranto\/\",\"name\":\"Wiederer\u00f6ffnung des Botanischen Gartens von Villa Taranto vom 6. M\u00e4rz bis zum 8. Dezember - Park Hotel Villa Belvedere a Cannobio\",\"isPartOf\":{\"@id\":\"https:\/\/www.villabelvederehotel.it\/de\/#website\"},\"primaryImageOfPage\":{\"@id\":\"https:\/\/www.villabelvederehotel.it\/de\/wiedereroeffnung-des-botanischen-gartens-von-villa-taranto\/#primaryimage\"},\"image\":{\"@id\":\"https:\/\/www.villabelvederehotel.it\/de\/wiedereroeffnung-des-botanischen-gartens-von-villa-taranto\/#primaryimage\"},\"thumbnailUrl\":\"https:\/\/www.villabelvederehotel.it\/wp-content\/uploads\/2025\/01\/parco-botanico-di-villa-taranto-5.jpg\",\"datePublished\":\"2026-02-13T10:20:00+00:00\",\"breadcrumb\":{\"@id\":\"https:\/\/www.villabelvederehotel.it\/de\/wiedereroeffnung-des-botanischen-gartens-von-villa-taranto\/#breadcrumb\"},\"inLanguage\":\"de\",\"potentialAction\":[{\"@type\":\"ReadAction\",\"target\":[\"https:\/\/www.villabelvederehotel.it\/de\/wiedereroeffnung-des-botanischen-gartens-von-villa-taranto\/\"]}]},{\"@type\":\"ImageObject\",\"inLanguage\":\"de\",\"@id\":\"https:\/\/www.villabelvederehotel.it\/de\/wiedereroeffnung-des-botanischen-gartens-von-villa-taranto\/#primaryimage\",\"url\":\"https:\/\/www.villabelvederehotel.it\/wp-content\/uploads\/2025\/01\/parco-botanico-di-villa-taranto-5.jpg\",\"contentUrl\":\"https:\/\/www.villabelvederehotel.it\/wp-content\/uploads\/2025\/01\/parco-botanico-di-villa-taranto-5.jpg\",\"width\":1920,\"height\":1280},{\"@type\":\"BreadcrumbList\",\"@id\":\"https:\/\/www.villabelvederehotel.it\/de\/wiedereroeffnung-des-botanischen-gartens-von-villa-taranto\/#breadcrumb\",\"itemListElement\":[{\"@type\":\"ListItem\",\"position\":1,\"name\":\"Home\",\"item\":\"https:\/\/www.villabelvederehotel.it\/de\/\"},{\"@type\":\"ListItem\",\"position\":2,\"name\":\"Wiederer\u00f6ffnung des Botanischen Gartens von Villa Taranto vom 6. M\u00e4rz bis zum 8. Dezember\"}]},{\"@type\":\"WebSite\",\"@id\":\"https:\/\/www.villabelvederehotel.it\/de\/#website\",\"url\":\"https:\/\/www.villabelvederehotel.it\/de\/\",\"name\":\"Villa Belvedere\",\"description\":\"\",\"publisher\":{\"@id\":\"https:\/\/www.villabelvederehotel.it\/de\/#organization\"},\"potentialAction\":[{\"@type\":\"SearchAction\",\"target\":{\"@type\":\"EntryPoint\",\"urlTemplate\":\"https:\/\/www.villabelvederehotel.it\/de\/?s={search_term_string}\"},\"query-input\":{\"@type\":\"PropertyValueSpecification\",\"valueRequired\":true,\"valueName\":\"search_term_string\"}}],\"inLanguage\":\"de\"},{\"@type\":\"Organization\",\"@id\":\"https:\/\/www.villabelvederehotel.it\/de\/#organization\",\"name\":\"Villa Belvedere\",\"url\":\"https:\/\/www.villabelvederehotel.it\/de\/\",\"logo\":{\"@type\":\"ImageObject\",\"inLanguage\":\"de\",\"@id\":\"https:\/\/www.villabelvederehotel.it\/de\/#\/schema\/logo\/image\/\",\"url\":\"http:\/\/test.villabelvederehotel.it\/wp-content\/uploads\/2025\/03\/logo-villabelvedere-verde.png\",\"contentUrl\":\"http:\/\/test.villabelvederehotel.it\/wp-content\/uploads\/2025\/03\/logo-villabelvedere-verde.png\",\"width\":967,\"height\":506,\"caption\":\"Villa Belvedere\"},\"image\":{\"@id\":\"https:\/\/www.villabelvederehotel.it\/de\/#\/schema\/logo\/image\/\"},\"sameAs\":[\"https:\/\/www.facebook.com\/villabelvederehotel\/\",\"https:\/\/www.instagram.com\/parkhotelvillabelvedere\/\"]},{\"@type\":\"Person\",\"@id\":\"https:\/\/www.villabelvederehotel.it\/de\/#\/schema\/person\/3b81ad795a3e67f0574366cc0e9045a3\",\"name\":\"info@villabelvederehotel.it\",\"image\":{\"@type\":\"ImageObject\",\"inLanguage\":\"de\",\"@id\":\"https:\/\/www.villabelvederehotel.it\/de\/#\/schema\/person\/image\/\",\"url\":\"https:\/\/secure.gravatar.com\/avatar\/e8ccef56e3094a8f2bd912e5e25a7b936895cde547384a3fe7f6c18f82afbc62?s=96&d=mm&r=g\",\"contentUrl\":\"https:\/\/secure.gravatar.com\/avatar\/e8ccef56e3094a8f2bd912e5e25a7b936895cde547384a3fe7f6c18f82afbc62?s=96&d=mm&r=g\",\"caption\":\"info@villabelvederehotel.it\"}}]}<\/script>\n<!-- \/ Yoast SEO plugin. -->","yoast_head_json":{"title":"Wiederer\u00f6ffnung des Botanischen Gartens von Villa Taranto vom 6. M\u00e4rz bis zum 8. Dezember - Park Hotel Villa Belvedere a Cannobio","robots":{"index":"index","follow":"follow","max-snippet":"max-snippet:-1","max-image-preview":"max-image-preview:large","max-video-preview":"max-video-preview:-1"},"canonical":"https:\/\/www.villabelvederehotel.it\/de\/wiedereroeffnung-des-botanischen-gartens-von-villa-taranto\/","og_locale":"de_DE","og_type":"article","og_title":"Wiederer\u00f6ffnung des Botanischen Gartens von Villa Taranto vom 6. M\u00e4rz bis zum 8. Dezember - Park Hotel Villa Belvedere a Cannobio","og_description":"Verpassen Sie nicht die Gelegenheit, durch die wundersch\u00f6nen Alleen dieses ber\u00fchmten botanischen Gartens zu spazieren. Neu in diesem Jahr: Mit einem einzigen Ticket k\u00f6nnen Sie auch die Sammlungen des Museo del Paesaggio (Landschaftsmuseum) in Verbania \u2013 Pallanza besichtigen. Saison 2026 vom 6. M\u00e4rz bis 8. Dezember\u00a0 Mehr \u00fcber Villa Taranto entdecken Mehr \u00fcber das Museo [&hellip;]","og_url":"https:\/\/www.villabelvederehotel.it\/de\/wiedereroeffnung-des-botanischen-gartens-von-villa-taranto\/","og_site_name":"Park Hotel Villa Belvedere a Cannobio","article_publisher":"https:\/\/www.facebook.com\/villabelvederehotel\/","article_published_time":"2026-02-13T10:20:00+00:00","og_image":[{"width":1920,"height":1280,"url":"https:\/\/www.villabelvederehotel.it\/wp-content\/uploads\/2025\/01\/parco-botanico-di-villa-taranto-5.jpg","type":"image\/jpeg"}],"author":"info@villabelvederehotel.it","twitter_misc":{"Verfasst von":"info@villabelvederehotel.it"},"schema":{"@context":"https:\/\/schema.org","@graph":[{"@type":"Article","@id":"https:\/\/www.villabelvederehotel.it\/de\/wiedereroeffnung-des-botanischen-gartens-von-villa-taranto\/#article","isPartOf":{"@id":"https:\/\/www.villabelvederehotel.it\/de\/wiedereroeffnung-des-botanischen-gartens-von-villa-taranto\/"},"author":{"name":"info@villabelvederehotel.it","@id":"https:\/\/www.villabelvederehotel.it\/de\/#\/schema\/person\/3b81ad795a3e67f0574366cc0e9045a3"},"headline":"Wiederer\u00f6ffnung des Botanischen Gartens von Villa Taranto vom 6. M\u00e4rz bis zum 8. Dezember","datePublished":"2026-02-13T10:20:00+00:00","mainEntityOfPage":{"@id":"https:\/\/www.villabelvederehotel.it\/de\/wiedereroeffnung-des-botanischen-gartens-von-villa-taranto\/"},"wordCount":72,"publisher":{"@id":"https:\/\/www.villabelvederehotel.it\/de\/#organization"},"image":{"@id":"https:\/\/www.villabelvederehotel.it\/de\/wiedereroeffnung-des-botanischen-gartens-von-villa-taranto\/#primaryimage"},"thumbnailUrl":"https:\/\/www.villabelvederehotel.it\/wp-content\/uploads\/2025\/01\/parco-botanico-di-villa-taranto-5.jpg","articleSection":["Termine"],"inLanguage":"de"},{"@type":"WebPage","@id":"https:\/\/www.villabelvederehotel.it\/de\/wiedereroeffnung-des-botanischen-gartens-von-villa-taranto\/","url":"https:\/\/www.villabelvederehotel.it\/de\/wiedereroeffnung-des-botanischen-gartens-von-villa-taranto\/","name":"Wiederer\u00f6ffnung des Botanischen Gartens von Villa Taranto vom 6. M\u00e4rz bis zum 8. Dezember - Park Hotel Villa Belvedere a Cannobio","isPartOf":{"@id":"https:\/\/www.villabelvederehotel.it\/de\/#website"},"primaryImageOfPage":{"@id":"https:\/\/www.villabelvederehotel.it\/de\/wiedereroeffnung-des-botanischen-gartens-von-villa-taranto\/#primaryimage"},"image":{"@id":"https:\/\/www.villabelvederehotel.it\/de\/wiedereroeffnung-des-botanischen-gartens-von-villa-taranto\/#primaryimage"},"thumbnailUrl":"https:\/\/www.villabelvederehotel.it\/wp-content\/uploads\/2025\/01\/parco-botanico-di-villa-taranto-5.jpg","datePublished":"2026-02-13T10:20:00+00:00","breadcrumb":{"@id":"https:\/\/www.villabelvederehotel.it\/de\/wiedereroeffnung-des-botanischen-gartens-von-villa-taranto\/#breadcrumb"},"inLanguage":"de","potentialAction":[{"@type":"ReadAction","target":["https:\/\/www.villabelvederehotel.it\/de\/wiedereroeffnung-des-botanischen-gartens-von-villa-taranto\/"]}]},{"@type":"ImageObject","inLanguage":"de","@id":"https:\/\/www.villabelvederehotel.it\/de\/wiedereroeffnung-des-botanischen-gartens-von-villa-taranto\/#primaryimage","url":"https:\/\/www.villabelvederehotel.it\/wp-content\/uploads\/2025\/01\/parco-botanico-di-villa-taranto-5.jpg","contentUrl":"https:\/\/www.villabelvederehotel.it\/wp-content\/uploads\/2025\/01\/parco-botanico-di-villa-taranto-5.jpg","width":1920,"height":1280},{"@type":"BreadcrumbList","@id":"https:\/\/www.villabelvederehotel.it\/de\/wiedereroeffnung-des-botanischen-gartens-von-villa-taranto\/#breadcrumb","itemListElement":[{"@type":"ListItem","position":1,"name":"Home","item":"https:\/\/www.villabelvederehotel.it\/de\/"},{"@type":"ListItem","position":2,"name":"Wiederer\u00f6ffnung des Botanischen Gartens von Villa Taranto vom 6. M\u00e4rz bis zum 8. Dezember"}]},{"@type":"WebSite","@id":"https:\/\/www.villabelvederehotel.it\/de\/#website","url":"https:\/\/www.villabelvederehotel.it\/de\/","name":"Villa Belvedere","description":"","publisher":{"@id":"https:\/\/www.villabelvederehotel.it\/de\/#organization"},"potentialAction":[{"@type":"SearchAction","target":{"@type":"EntryPoint","urlTemplate":"https:\/\/www.villabelvederehotel.it\/de\/?s={search_term_string}"},"query-input":{"@type":"PropertyValueSpecification","valueRequired":true,"valueName":"search_term_string"}}],"inLanguage":"de"},{"@type":"Organization","@id":"https:\/\/www.villabelvederehotel.it\/de\/#organization","name":"Villa Belvedere","url":"https:\/\/www.villabelvederehotel.it\/de\/","logo":{"@type":"ImageObject","inLanguage":"de","@id":"https:\/\/www.villabelvederehotel.it\/de\/#\/schema\/logo\/image\/","url":"http:\/\/test.villabelvederehotel.it\/wp-content\/uploads\/2025\/03\/logo-villabelvedere-verde.png","contentUrl":"http:\/\/test.villabelvederehotel.it\/wp-content\/uploads\/2025\/03\/logo-villabelvedere-verde.png","width":967,"height":506,"caption":"Villa Belvedere"},"image":{"@id":"https:\/\/www.villabelvederehotel.it\/de\/#\/schema\/logo\/image\/"},"sameAs":["https:\/\/www.facebook.com\/villabelvederehotel\/","https:\/\/www.instagram.com\/parkhotelvillabelvedere\/"]},{"@type":"Person","@id":"https:\/\/www.villabelvederehotel.it\/de\/#\/schema\/person\/3b81ad795a3e67f0574366cc0e9045a3","name":"info@villabelvederehotel.it","image":{"@type":"ImageObject","inLanguage":"de","@id":"https:\/\/www.villabelvederehotel.it\/de\/#\/schema\/person\/image\/","url":"https:\/\/secure.gravatar.com\/avatar\/e8ccef56e3094a8f2bd912e5e25a7b936895cde547384a3fe7f6c18f82afbc62?s=96&d=mm&r=g","contentUrl":"https:\/\/secure.gravatar.com\/avatar\/e8ccef56e3094a8f2bd912e5e25a7b936895cde547384a3fe7f6c18f82afbc62?s=96&d=mm&r=g","caption":"info@villabelvederehotel.it"}}]}},"_links":{"self":[{"href":"https:\/\/www.villabelvederehotel.it\/de\/wp-json\/wp\/v2\/posts\/19655","targetHints":{"allow":["GET"]}}],"collection":[{"href":"https:\/\/www.villabelvederehotel.it\/de\/wp-json\/wp\/v2\/posts"}],"about":[{"href":"https:\/\/www.villabelvederehotel.it\/de\/wp-json\/wp\/v2\/types\/post"}],"author":[{"embeddable":true,"href":"https:\/\/www.villabelvederehotel.it\/de\/wp-json\/wp\/v2\/users\/2"}],"replies":[{"embeddable":true,"href":"https:\/\/www.villabelvederehotel.it\/de\/wp-json\/wp\/v2\/comments?post=19655"}],"version-history":[{"count":4,"href":"https:\/\/www.villabelvederehotel.it\/de\/wp-json\/wp\/v2\/posts\/19655\/revisions"}],"predecessor-version":[{"id":22629,"href":"https:\/\/www.villabelvederehotel.it\/de\/wp-json\/wp\/v2\/posts\/19655\/revisions\/22629"}],"wp:featuredmedia":[{"embeddable":true,"href":"https:\/\/www.villabelvederehotel.it\/de\/wp-json\/wp\/v2\/media\/21421"}],"wp:attachment":[{"href":"https:\/\/www.villabelvederehotel.it\/de\/wp-json\/wp\/v2\/media?parent=19655"}],"wp:term":[{"taxonomy":"category","embeddable":true,"href":"https:\/\/www.villabelvederehotel.it\/de\/wp-json\/wp\/v2\/categories?post=19655"},{"taxonomy":"post_tag","embeddable":true,"href":"https:\/\/www.villabelvederehotel.it\/de\/wp-json\/wp\/v2\/tags?post=19655"}],"curies":[{"name":"wp","href":"https:\/\/api.w.org\/{rel}","templated":true}]}}